{"id":103,"date":"2020-02-14T19:16:57","date_gmt":"2020-02-14T19:16:57","guid":{"rendered":"http:\/\/blog.araradelear.com.br\/?p=103"},"modified":"2020-03-14T17:16:55","modified_gmt":"2020-03-14T17:16:55","slug":"artesaos-das-comunidades-de-canudos-euclides-da-cunha-e-jeremoabo-e-regiao-utilizam-umburana-na-criacao-de-pecas-de-artesanato","status":"publish","type":"post","link":"http:\/\/blog.araradelear.com.br\/index.php\/2020\/02\/14\/artesaos-das-comunidades-de-canudos-euclides-da-cunha-e-jeremoabo-e-regiao-utilizam-umburana-na-criacao-de-pecas-de-artesanato\/","title":{"rendered":"Artes\u00e3os das comunidades de Canudos, Euclides da Cunha, Jeremoabo e regi\u00e3o utilizam Umburana na cria\u00e7\u00e3o de pe\u00e7as de artesanato"},"content":{"rendered":"\n<p><\/p>\n\n\n\n<p>Comum nas \u00e1reas de caatinga, a Umburana \u00e9 uma \u00e1rvore que, ap\u00f3s 10 anos de sua morte natural, tem\ncomo destino o artesanato. Na\nregi\u00e3o de Canudos, Euclides da\nCunha e Jeremoabo, na Bahia, a Umburana\n\u00e9 facilmente encontrada e utilizada pelos artes\u00e3os das comunidades locais.&nbsp; <\/p>\n\n\n\n<p>Por ser uma madeira macia e leve, a Umburana \u00e9 transformada, pelas m\u00e3os dos artes\u00e3os, em pe\u00e7as inspiradas na natureza, em animais e aves, como a pr\u00f3pria Arara-azul-de-lear. <\/p>\n\n\n\n<p>Atualmente, uma m\u00e9dia de 28\nartes\u00e3os recebem apoio do Projeto Jardins da Arara de Lear, por meio da\ncapacita\u00e7\u00e3o criativa na base de apoio e comercializa\u00e7\u00e3o das pe\u00e7as de\nartesanato.<\/p>\n\n\n\n<p>Apesar de a pr\u00e1tica do artesanato n\u00e3o ser uma fun\u00e7\u00e3o\nprofissional e tampouco imposta pelo Projeto, os artes\u00e3os passaram a se sentir\nempoderados ao perceberem seus talentos sendo valorizados, reconhecidos e at\u00e9\nmesmo comercializados. <\/p>\n\n\n\n<p>O est\u00edmulo \u00e0 venda direta por parte do Projeto Jardins da Arara de Lear, acontece com o Turismo de Viv\u00eancia nas Comunidades &#8211; quando os turistas s\u00e3o convidados pelo guia a conhecerem as \u00e1reas de alimenta\u00e7\u00e3o da Arara-azul-de-lear, os artes\u00e3os e suas artes -, com a exposi\u00e7\u00e3o de pe\u00e7as em eventos nos quais o Projeto participa e, por fim, com a compra das pe\u00e7as que n\u00e3o s\u00e3o vendidas diretamente, para as lojas f\u00edsica e virtual Jardins da Arara de Lear. <\/p>\n\n\n\n<p>Valorizar e resgatar o talento\ndos artes\u00e3os da caatinga, \u00e9 uma\nforma de gerar pertencimento \u00e0s comunidades locais, refor\u00e7ar nos moradores e\nturistas a import\u00e2ncia de preserva\u00e7\u00e3o da esp\u00e9cie e do meio ambiente, al\u00e9m de\napoiar a gera\u00e7\u00e3o renda \u00e0queles que enxergam no artesanato uma forma de expressar sua arte e seu olhar sobre o\nsert\u00e3o. <\/p>\n\n\n\n<ul class=\"wp-block-gallery columns-3 is-cropped wp-block-gallery-1 is-layout-flex wp-block-gallery-is-layout-flex\"><li class=\"blocks-gallery-item\"><figure><img loading=\"lazy\" decoding=\"async\" width=\"1024\" height=\"1024\" src=\"http:\/\/blog.araradelear.com.br\/wp-content\/uploads\/2020\/02\/07-02-20-8-1024x1024.jpg\" alt=\"\" data-id=\"104\" data-link=\"http:\/\/blog.araradelear.com.br\/?attachment_id=104\" class=\"wp-image-104\" srcset=\"http:\/\/blog.araradelear.com.br\/wp-content\/uploads\/2020\/02\/07-02-20-8-1024x1024.jpg 1024w, http:\/\/blog.araradelear.com.br\/wp-content\/uploads\/2020\/02\/07-02-20-8-150x150.jpg 150w, http:\/\/blog.araradelear.com.br\/wp-content\/uploads\/2020\/02\/07-02-20-8-300x300.jpg 300w, http:\/\/blog.araradelear.com.br\/wp-content\/uploads\/2020\/02\/07-02-20-8-768x768.jpg 768w, http:\/\/blog.araradelear.com.br\/wp-content\/uploads\/2020\/02\/07-02-20-8-270x270.jpg 270w, http:\/\/blog.araradelear.com.br\/wp-content\/uploads\/2020\/02\/07-02-20-8.jpg 1200w\" sizes=\"auto, (max-width: 1024px) 100vw, 1024px\" \/><\/figure><\/li><li class=\"blocks-gallery-item\"><figure><img loading=\"lazy\" decoding=\"async\" width=\"1024\" height=\"1024\" src=\"http:\/\/blog.araradelear.com.br\/wp-content\/uploads\/2020\/02\/07-02-20-9-1024x1024.jpg\" alt=\"\" data-id=\"105\" data-link=\"http:\/\/blog.araradelear.com.br\/?attachment_id=105\" class=\"wp-image-105\" srcset=\"http:\/\/blog.araradelear.com.br\/wp-content\/uploads\/2020\/02\/07-02-20-9-1024x1024.jpg 1024w, http:\/\/blog.araradelear.com.br\/wp-content\/uploads\/2020\/02\/07-02-20-9-150x150.jpg 150w, http:\/\/blog.araradelear.com.br\/wp-content\/uploads\/2020\/02\/07-02-20-9-300x300.jpg 300w, http:\/\/blog.araradelear.com.br\/wp-content\/uploads\/2020\/02\/07-02-20-9-768x768.jpg 768w, http:\/\/blog.araradelear.com.br\/wp-content\/uploads\/2020\/02\/07-02-20-9-270x270.jpg 270w, http:\/\/blog.araradelear.com.br\/wp-content\/uploads\/2020\/02\/07-02-20-9.jpg 1200w\" sizes=\"auto, (max-width: 1024px) 100vw, 1024px\" \/><\/figure><\/li><li class=\"blocks-gallery-item\"><figure><img loading=\"lazy\" decoding=\"async\" width=\"1024\" height=\"1024\" src=\"http:\/\/blog.araradelear.com.br\/wp-content\/uploads\/2020\/02\/07-02-20-10-1024x1024.jpg\" alt=\"\" data-id=\"106\" data-link=\"http:\/\/blog.araradelear.com.br\/?attachment_id=106\" class=\"wp-image-106\" srcset=\"http:\/\/blog.araradelear.com.br\/wp-content\/uploads\/2020\/02\/07-02-20-10-1024x1024.jpg 1024w, http:\/\/blog.araradelear.com.br\/wp-content\/uploads\/2020\/02\/07-02-20-10-150x150.jpg 150w, http:\/\/blog.araradelear.com.br\/wp-content\/uploads\/2020\/02\/07-02-20-10-300x300.jpg 300w, http:\/\/blog.araradelear.com.br\/wp-content\/uploads\/2020\/02\/07-02-20-10-768x768.jpg 768w, http:\/\/blog.araradelear.com.br\/wp-content\/uploads\/2020\/02\/07-02-20-10-270x270.jpg 270w, http:\/\/blog.araradelear.com.br\/wp-content\/uploads\/2020\/02\/07-02-20-10.jpg 1200w\" sizes=\"auto, (max-width: 1024px) 100vw, 1024px\" \/><\/figure><\/li><li class=\"blocks-gallery-item\"><figure><img loading=\"lazy\" decoding=\"async\" width=\"1024\" height=\"1024\" src=\"http:\/\/blog.araradelear.com.br\/wp-content\/uploads\/2020\/02\/07-02-20-11-1024x1024.jpg\" alt=\"\" data-id=\"107\" data-link=\"http:\/\/blog.araradelear.com.br\/?attachment_id=107\" class=\"wp-image-107\" srcset=\"http:\/\/blog.araradelear.com.br\/wp-content\/uploads\/2020\/02\/07-02-20-11-1024x1024.jpg 1024w, http:\/\/blog.araradelear.com.br\/wp-content\/uploads\/2020\/02\/07-02-20-11-150x150.jpg 150w, http:\/\/blog.araradelear.com.br\/wp-content\/uploads\/2020\/02\/07-02-20-11-300x300.jpg 300w, http:\/\/blog.araradelear.com.br\/wp-content\/uploads\/2020\/02\/07-02-20-11-768x768.jpg 768w, http:\/\/blog.araradelear.com.br\/wp-content\/uploads\/2020\/02\/07-02-20-11-270x270.jpg 270w, http:\/\/blog.araradelear.com.br\/wp-content\/uploads\/2020\/02\/07-02-20-11.jpg 1200w\" sizes=\"auto, (max-width: 1024px) 100vw, 1024px\" \/><\/figure><\/li><li class=\"blocks-gallery-item\"><figure><img loading=\"lazy\" decoding=\"async\" width=\"1024\" height=\"1024\" src=\"http:\/\/blog.araradelear.com.br\/wp-content\/uploads\/2020\/02\/07-02-20-12-1024x1024.jpg\" alt=\"\" data-id=\"108\" data-link=\"http:\/\/blog.araradelear.com.br\/?attachment_id=108\" class=\"wp-image-108\" srcset=\"http:\/\/blog.araradelear.com.br\/wp-content\/uploads\/2020\/02\/07-02-20-12-1024x1024.jpg 1024w, http:\/\/blog.araradelear.com.br\/wp-content\/uploads\/2020\/02\/07-02-20-12-150x150.jpg 150w, http:\/\/blog.araradelear.com.br\/wp-content\/uploads\/2020\/02\/07-02-20-12-300x300.jpg 300w, http:\/\/blog.araradelear.com.br\/wp-content\/uploads\/2020\/02\/07-02-20-12-768x768.jpg 768w, http:\/\/blog.araradelear.com.br\/wp-content\/uploads\/2020\/02\/07-02-20-12-270x270.jpg 270w, http:\/\/blog.araradelear.com.br\/wp-content\/uploads\/2020\/02\/07-02-20-12.jpg 1200w\" sizes=\"auto, (max-width: 1024px) 100vw, 1024px\" \/><\/figure><\/li><li class=\"blocks-gallery-item\"><figure><img loading=\"lazy\" decoding=\"async\" width=\"1024\" height=\"1024\" src=\"http:\/\/blog.araradelear.com.br\/wp-content\/uploads\/2020\/02\/07-02-20-13-1024x1024.jpg\" alt=\"\" data-id=\"109\" data-link=\"http:\/\/blog.araradelear.com.br\/?attachment_id=109\" class=\"wp-image-109\" srcset=\"http:\/\/blog.araradelear.com.br\/wp-content\/uploads\/2020\/02\/07-02-20-13-1024x1024.jpg 1024w, http:\/\/blog.araradelear.com.br\/wp-content\/uploads\/2020\/02\/07-02-20-13-150x150.jpg 150w, http:\/\/blog.araradelear.com.br\/wp-content\/uploads\/2020\/02\/07-02-20-13-300x300.jpg 300w, http:\/\/blog.araradelear.com.br\/wp-content\/uploads\/2020\/02\/07-02-20-13-768x768.jpg 768w, http:\/\/blog.araradelear.com.br\/wp-content\/uploads\/2020\/02\/07-02-20-13-270x270.jpg 270w, http:\/\/blog.araradelear.com.br\/wp-content\/uploads\/2020\/02\/07-02-20-13.jpg 1200w\" sizes=\"auto, (max-width: 1024px) 100vw, 1024px\" \/><\/figure><\/li><\/ul>\n\n\n\n<p>#araraazuldelear&nbsp; #araradelear #araraazullear\n#araraazuldelearemcanudos #jardinsdaararadelear #umburana #umburananacaatinga\n#conservacaodomeioambiente #meioambiente #meioambienteesustentabilidade\n#preservaromeioambiente #preservacao #preservacaodaespecie\n#preservacaodaararadelear #artesanato #artesanatocomofazer #artesaos #bahia\n#caatinga #canudos #sustentabilidade #artesanatosustentavel #educacaoambiental\n#culturasertaneja #artesertaneja #turismodevivencia<\/p>\n<div class=\"synved-social-container synved-social-container-share\" style=\"text-align: left\"><a class=\"synved-social-button synved-social-button-share synved-social-size-24 synved-social-resolution-single synved-social-provider-facebook nolightbox\" data-provider=\"facebook\" target=\"_blank\" rel=\"nofollow\" title=\"Share on Facebook\" href=\"https:\/\/www.facebook.com\/sharer.php?u=http%3A%2F%2Fblog.araradelear.com.br%2Findex.php%2Fwp-json%2Fwp%2Fv2%2Fposts%2F103&#038;t=Artes%C3%A3os%20das%20comunidades%20de%20Canudos%2C%20Euclides%20da%20Cunha%2C%20Jeremoabo%20e%20regi%C3%A3o%20utilizam%20Umburana%20na%20cria%C3%A7%C3%A3o%20de%20pe%C3%A7as%20de%20artesanato&#038;s=100&#038;p&#091;url&#093;=http%3A%2F%2Fblog.araradelear.com.br%2Findex.php%2Fwp-json%2Fwp%2Fv2%2Fposts%2F103&#038;p&#091;images&#093;&#091;0&#093;=http%3A%2F%2Fblog.araradelear.com.br%2Fwp-content%2Fuploads%2F2020%2F02%2F07-02-20-13-1024x1024.jpg&#038;p&#091;title&#093;=Artes%C3%A3os%20das%20comunidades%20de%20Canudos%2C%20Euclides%20da%20Cunha%2C%20Jeremoabo%20e%20regi%C3%A3o%20utilizam%20Umburana%20na%20cria%C3%A7%C3%A3o%20de%20pe%C3%A7as%20de%20artesanato\" style=\"font-size: 0px; width:24px;height:24px;margin:0;margin-bottom:5px;margin-right:5px;\"><img loading=\"lazy\" decoding=\"async\" alt=\"Facebook\" title=\"Share on Facebook\" class=\"synved-share-image synved-social-image synved-social-image-share\" width=\"24\" height=\"24\" style=\"display: inline; width:24px;height:24px; margin: 0; padding: 0; border: none; box-shadow: none;\" src=\"http:\/\/blog.araradelear.com.br\/wp-content\/plugins\/social-media-feather\/synved-social\/image\/social\/regular\/48x48\/facebook.png\" \/><\/a><a class=\"synved-social-button synved-social-button-share synved-social-size-24 synved-social-resolution-single synved-social-provider-twitter nolightbox\" data-provider=\"twitter\" target=\"_blank\" rel=\"nofollow\" title=\"Share on Twitter\" href=\"https:\/\/twitter.com\/intent\/tweet?url=http%3A%2F%2Fblog.araradelear.com.br%2Findex.php%2Fwp-json%2Fwp%2Fv2%2Fposts%2F103&#038;text=Compartilhe\" style=\"font-size: 0px; width:24px;height:24px;margin:0;margin-bottom:5px;margin-right:5px;\"><img loading=\"lazy\" decoding=\"async\" alt=\"twitter\" title=\"Share on Twitter\" class=\"synved-share-image synved-social-image synved-social-image-share\" width=\"24\" height=\"24\" style=\"display: inline; width:24px;height:24px; margin: 0; padding: 0; border: none; box-shadow: none;\" src=\"http:\/\/blog.araradelear.com.br\/wp-content\/plugins\/social-media-feather\/synved-social\/image\/social\/regular\/48x48\/twitter.png\" \/><\/a><a class=\"synved-social-button synved-social-button-share synved-social-size-24 synved-social-resolution-single synved-social-provider-reddit nolightbox\" data-provider=\"reddit\" target=\"_blank\" rel=\"nofollow\" title=\"Share on Reddit\" href=\"https:\/\/www.reddit.com\/submit?url=http%3A%2F%2Fblog.araradelear.com.br%2Findex.php%2Fwp-json%2Fwp%2Fv2%2Fposts%2F103&#038;title=Artes%C3%A3os%20das%20comunidades%20de%20Canudos%2C%20Euclides%20da%20Cunha%2C%20Jeremoabo%20e%20regi%C3%A3o%20utilizam%20Umburana%20na%20cria%C3%A7%C3%A3o%20de%20pe%C3%A7as%20de%20artesanato\" style=\"font-size: 0px; width:24px;height:24px;margin:0;margin-bottom:5px;margin-right:5px;\"><img loading=\"lazy\" decoding=\"async\" alt=\"reddit\" title=\"Share on Reddit\" class=\"synved-share-image synved-social-image synved-social-image-share\" width=\"24\" height=\"24\" style=\"display: inline; width:24px;height:24px; margin: 0; padding: 0; border: none; box-shadow: none;\" src=\"http:\/\/blog.araradelear.com.br\/wp-content\/plugins\/social-media-feather\/synved-social\/image\/social\/regular\/48x48\/reddit.png\" \/><\/a><a class=\"synved-social-button synved-social-button-share synved-social-size-24 synved-social-resolution-single synved-social-provider-pinterest nolightbox\" data-provider=\"pinterest\" target=\"_blank\" rel=\"nofollow\" title=\"Pin it with Pinterest\" href=\"https:\/\/pinterest.com\/pin\/create\/button\/?url=http%3A%2F%2Fblog.araradelear.com.br%2Findex.php%2Fwp-json%2Fwp%2Fv2%2Fposts%2F103&#038;media=http%3A%2F%2Fblog.araradelear.com.br%2Fwp-content%2Fuploads%2F2020%2F02%2F07-02-20-13-1024x1024.jpg&#038;description=Artes%C3%A3os%20das%20comunidades%20de%20Canudos%2C%20Euclides%20da%20Cunha%2C%20Jeremoabo%20e%20regi%C3%A3o%20utilizam%20Umburana%20na%20cria%C3%A7%C3%A3o%20de%20pe%C3%A7as%20de%20artesanato\" style=\"font-size: 0px; width:24px;height:24px;margin:0;margin-bottom:5px;margin-right:5px;\"><img loading=\"lazy\" decoding=\"async\" alt=\"pinterest\" title=\"Pin it with Pinterest\" class=\"synved-share-image synved-social-image synved-social-image-share\" width=\"24\" height=\"24\" style=\"display: inline; width:24px;height:24px; margin: 0; padding: 0; border: none; box-shadow: none;\" src=\"http:\/\/blog.araradelear.com.br\/wp-content\/plugins\/social-media-feather\/synved-social\/image\/social\/regular\/48x48\/pinterest.png\" \/><\/a><a class=\"synved-social-button synved-social-button-share synved-social-size-24 synved-social-resolution-single synved-social-provider-linkedin nolightbox\" data-provider=\"linkedin\" target=\"_blank\" rel=\"nofollow\" title=\"Share on Linkedin\" href=\"https:\/\/www.linkedin.com\/shareArticle?mini=true&#038;url=http%3A%2F%2Fblog.araradelear.com.br%2Findex.php%2Fwp-json%2Fwp%2Fv2%2Fposts%2F103&#038;title=Artes%C3%A3os%20das%20comunidades%20de%20Canudos%2C%20Euclides%20da%20Cunha%2C%20Jeremoabo%20e%20regi%C3%A3o%20utilizam%20Umburana%20na%20cria%C3%A7%C3%A3o%20de%20pe%C3%A7as%20de%20artesanato\" style=\"font-size: 0px; width:24px;height:24px;margin:0;margin-bottom:5px;margin-right:5px;\"><img loading=\"lazy\" decoding=\"async\" alt=\"linkedin\" title=\"Share on Linkedin\" class=\"synved-share-image synved-social-image synved-social-image-share\" width=\"24\" height=\"24\" style=\"display: inline; width:24px;height:24px; margin: 0; padding: 0; border: none; box-shadow: none;\" src=\"http:\/\/blog.araradelear.com.br\/wp-content\/plugins\/social-media-feather\/synved-social\/image\/social\/regular\/48x48\/linkedin.png\" \/><\/a><a class=\"synved-social-button synved-social-button-share synved-social-size-24 synved-social-resolution-single synved-social-provider-mail nolightbox\" data-provider=\"mail\" rel=\"nofollow\" title=\"Share by email\" href=\"mailto:?subject=Artes%C3%A3os%20das%20comunidades%20de%20Canudos%2C%20Euclides%20da%20Cunha%2C%20Jeremoabo%20e%20regi%C3%A3o%20utilizam%20Umburana%20na%20cria%C3%A7%C3%A3o%20de%20pe%C3%A7as%20de%20artesanato&#038;body=Compartilhe:%20http%3A%2F%2Fblog.araradelear.com.br%2Findex.php%2Fwp-json%2Fwp%2Fv2%2Fposts%2F103\" style=\"font-size: 0px; width:24px;height:24px;margin:0;margin-bottom:5px;\"><img loading=\"lazy\" decoding=\"async\" alt=\"mail\" title=\"Share by email\" class=\"synved-share-image synved-social-image synved-social-image-share\" width=\"24\" height=\"24\" style=\"display: inline; width:24px;height:24px; margin: 0; padding: 0; border: none; box-shadow: none;\" src=\"http:\/\/blog.araradelear.com.br\/wp-content\/plugins\/social-media-feather\/synved-social\/image\/social\/regular\/48x48\/mail.png\" \/><\/a><\/div>","protected":false},"excerpt":{"rendered":"<p>Comum nas \u00e1reas de caatinga, a Umburana \u00e9 uma \u00e1rvore que, ap\u00f3s 10 anos de sua morte natural, tem como destino o artesanato. Na regi\u00e3o de Canudos, Euclides da Cunha e Jeremoabo, na Bahia, a Umburana \u00e9 facilmente encontrada e utilizada pelos artes\u00e3os das comunidades locais.&nbsp; Por ser uma madeira macia e leve, a Umburana \u00e9 transformada, pelas m\u00e3os dos artes\u00e3os, em pe\u00e7as inspiradas na natureza, em animais e aves, como a pr\u00f3pria Arara-azul-de-lear. Atualmente, uma m\u00e9dia de 28 artes\u00e3os&#8230;<\/p>\n<p class=\"read-more\"><a class=\"btn btn-default\" href=\"http:\/\/blog.araradelear.com.br\/index.php\/2020\/02\/14\/artesaos-das-comunidades-de-canudos-euclides-da-cunha-e-jeremoabo-e-regiao-utilizam-umburana-na-criacao-de-pecas-de-artesanato\/\"> Read More<span class=\"screen-reader-text\">  Read More<\/span><\/a><\/p>\n","protected":false},"author":3,"featured_media":0,"comment_status":"closed","ping_status":"closed","sticky":false,"template":"","format":"standard","meta":{"footnotes":""},"categories":[13],"tags":[],"class_list":["post-103","post","type-post","status-publish","format-standard","hentry","category-novidades"],"_links":{"self":[{"href":"http:\/\/blog.araradelear.com.br\/index.php\/wp-json\/wp\/v2\/posts\/103","targetHints":{"allow":["GET"]}}],"collection":[{"href":"http:\/\/blog.araradelear.com.br\/index.php\/wp-json\/wp\/v2\/posts"}],"about":[{"href":"http:\/\/blog.araradelear.com.br\/index.php\/wp-json\/wp\/v2\/types\/post"}],"author":[{"embeddable":true,"href":"http:\/\/blog.araradelear.com.br\/index.php\/wp-json\/wp\/v2\/users\/3"}],"replies":[{"embeddable":true,"href":"http:\/\/blog.araradelear.com.br\/index.php\/wp-json\/wp\/v2\/comments?post=103"}],"version-history":[{"count":5,"href":"http:\/\/blog.araradelear.com.br\/index.php\/wp-json\/wp\/v2\/posts\/103\/revisions"}],"predecessor-version":[{"id":114,"href":"http:\/\/blog.araradelear.com.br\/index.php\/wp-json\/wp\/v2\/posts\/103\/revisions\/114"}],"wp:attachment":[{"href":"http:\/\/blog.araradelear.com.br\/index.php\/wp-json\/wp\/v2\/media?parent=103"}],"wp:term":[{"taxonomy":"category","embeddable":true,"href":"http:\/\/blog.araradelear.com.br\/index.php\/wp-json\/wp\/v2\/categories?post=103"},{"taxonomy":"post_tag","embeddable":true,"href":"http:\/\/blog.araradelear.com.br\/index.php\/wp-json\/wp\/v2\/tags?post=103"}],"curies":[{"name":"wp","href":"https:\/\/api.w.org\/{rel}","templated":true}]}}