{"id":125,"date":"2020-03-19T21:16:19","date_gmt":"2020-03-19T21:16:19","guid":{"rendered":"http:\/\/blog.araradelear.com.br\/?p=125"},"modified":"2020-03-19T21:16:19","modified_gmt":"2020-03-19T21:16:19","slug":"em-nosso-periodo-de-quarentena-procure-nossa-loja-virtual","status":"publish","type":"post","link":"http:\/\/blog.araradelear.com.br\/index.php\/2020\/03\/19\/em-nosso-periodo-de-quarentena-procure-nossa-loja-virtual\/","title":{"rendered":"Em nosso per\u00edodo de quarentena procure nossa loja virtual."},"content":{"rendered":"\n<figure class=\"wp-block-image\"><img loading=\"lazy\" decoding=\"async\" width=\"1024\" height=\"1024\" src=\"http:\/\/blog.araradelear.com.br\/wp-content\/uploads\/2020\/03\/18-03-20-2-1-1024x1024.jpg\" alt=\"\" class=\"wp-image-128\" srcset=\"http:\/\/blog.araradelear.com.br\/wp-content\/uploads\/2020\/03\/18-03-20-2-1-1024x1024.jpg 1024w, http:\/\/blog.araradelear.com.br\/wp-content\/uploads\/2020\/03\/18-03-20-2-1-150x150.jpg 150w, http:\/\/blog.araradelear.com.br\/wp-content\/uploads\/2020\/03\/18-03-20-2-1-300x300.jpg 300w, http:\/\/blog.araradelear.com.br\/wp-content\/uploads\/2020\/03\/18-03-20-2-1-768x768.jpg 768w, http:\/\/blog.araradelear.com.br\/wp-content\/uploads\/2020\/03\/18-03-20-2-1-270x270.jpg 270w, http:\/\/blog.araradelear.com.br\/wp-content\/uploads\/2020\/03\/18-03-20-2-1.jpg 1200w\" sizes=\"auto, (max-width: 1024px) 100vw, 1024px\" \/><\/figure>\n\n\n\n<p>Queridos\nclientes, parceiros, artistas e amigos!<\/p>\n\n\n\n<p>Pensando na\nsa\u00fade de todos n\u00f3s, desde ontem, 17\/03, \u00e0s 14h, estamos com a loja f\u00edsica\nJardins da Arara de Lear fechada.&nbsp;<\/p>\n\n\n\n<p>Esta decis\u00e3o\nfoi tomada ap\u00f3s discutirmos as medidas normativas da OMS, do Minist\u00e9rio da\nSa\u00fade e da Sociedade Brasileira de Infectologia.&nbsp;<\/p>\n\n\n\n<p>N\u00e3o temos\nainda uma data definida para retornarmos, mas informaremos aqui, em nossas\nredes sociais e em nosso blog.&nbsp;<\/p>\n\n\n\n<p>Nossa loja\nvirtual est\u00e1 ativa, com todos os produtos sendo entregues pelos Correios, com\ntodas as medidas de higiene sendo praticadas.&nbsp;<\/p>\n\n\n\n<p>Nossa dica:\nao receber o seu pacote, a sua encomenda, higienize suas m\u00e3os, punhos e\nantebra\u00e7os antes e depois de abrir.&nbsp;<\/p>\n\n\n\n<p>Fiquem em\ncasa, se cuidem.&nbsp;<\/p>\n\n\n\n<p>Vida, sa\u00fade\ne amor a cada um de n\u00f3s.&nbsp;<\/p>\n\n\n\n<p>Um abra\u00e7o\ncarinhoso,<\/p>\n\n\n\n<p><strong>Equipe Jardins da Arara de Lear.&nbsp;<\/strong><\/p>\n\n\n\n<h5 class=\"wp-block-heading\">araraazuldelear  #araradelear #araraazullear #araraazuldelearemcanudos #jardinsdaararadelear #conservacaodomeioambiente #meioambiente #meioambienteesustentabilidade #preservaromeioambiente #preservacao #preservacaodaespecie #preservacaodaararadelear #artesanato #artesanatocomofazer #artesaos #bahia #caatinga #canudos #sustentabilidade #artesanatosustentavel #educacaoambiental #culturasertaneja #artesertaneja #turismodevivencia<\/h5>\n<div class=\"synved-social-container synved-social-container-share\" style=\"text-align: left\"><a class=\"synved-social-button synved-social-button-share synved-social-size-24 synved-social-resolution-single synved-social-provider-facebook nolightbox\" data-provider=\"facebook\" target=\"_blank\" rel=\"nofollow\" title=\"Share on Facebook\" href=\"https:\/\/www.facebook.com\/sharer.php?u=http%3A%2F%2Fblog.araradelear.com.br%2Findex.php%2Fwp-json%2Fwp%2Fv2%2Fposts%2F125&#038;t=Em%20nosso%20per%C3%ADodo%20de%20quarentena%20procure%20nossa%20loja%20virtual.&#038;s=100&#038;p&#091;url&#093;=http%3A%2F%2Fblog.araradelear.com.br%2Findex.php%2Fwp-json%2Fwp%2Fv2%2Fposts%2F125&#038;p&#091;images&#093;&#091;0&#093;=http%3A%2F%2Fblog.araradelear.com.br%2Fwp-content%2Fuploads%2F2020%2F03%2F18-03-20-2-1-1024x1024.jpg&#038;p&#091;title&#093;=Em%20nosso%20per%C3%ADodo%20de%20quarentena%20procure%20nossa%20loja%20virtual.\" style=\"font-size: 0px; width:24px;height:24px;margin:0;margin-bottom:5px;margin-right:5px;\"><img loading=\"lazy\" decoding=\"async\" alt=\"Facebook\" title=\"Share on Facebook\" class=\"synved-share-image synved-social-image synved-social-image-share\" width=\"24\" height=\"24\" style=\"display: inline; width:24px;height:24px; margin: 0; padding: 0; border: none; box-shadow: none;\" src=\"http:\/\/blog.araradelear.com.br\/wp-content\/plugins\/social-media-feather\/synved-social\/image\/social\/regular\/48x48\/facebook.png\" \/><\/a><a class=\"synved-social-button synved-social-button-share synved-social-size-24 synved-social-resolution-single synved-social-provider-twitter nolightbox\" data-provider=\"twitter\" target=\"_blank\" rel=\"nofollow\" title=\"Share on Twitter\" href=\"https:\/\/twitter.com\/intent\/tweet?url=http%3A%2F%2Fblog.araradelear.com.br%2Findex.php%2Fwp-json%2Fwp%2Fv2%2Fposts%2F125&#038;text=Compartilhe\" style=\"font-size: 0px; width:24px;height:24px;margin:0;margin-bottom:5px;margin-right:5px;\"><img loading=\"lazy\" decoding=\"async\" alt=\"twitter\" title=\"Share on Twitter\" class=\"synved-share-image synved-social-image synved-social-image-share\" width=\"24\" height=\"24\" style=\"display: inline; width:24px;height:24px; margin: 0; padding: 0; border: none; box-shadow: none;\" src=\"http:\/\/blog.araradelear.com.br\/wp-content\/plugins\/social-media-feather\/synved-social\/image\/social\/regular\/48x48\/twitter.png\" \/><\/a><a class=\"synved-social-button synved-social-button-share synved-social-size-24 synved-social-resolution-single synved-social-provider-reddit nolightbox\" data-provider=\"reddit\" target=\"_blank\" rel=\"nofollow\" title=\"Share on Reddit\" href=\"https:\/\/www.reddit.com\/submit?url=http%3A%2F%2Fblog.araradelear.com.br%2Findex.php%2Fwp-json%2Fwp%2Fv2%2Fposts%2F125&#038;title=Em%20nosso%20per%C3%ADodo%20de%20quarentena%20procure%20nossa%20loja%20virtual.\" style=\"font-size: 0px; width:24px;height:24px;margin:0;margin-bottom:5px;margin-right:5px;\"><img loading=\"lazy\" decoding=\"async\" alt=\"reddit\" title=\"Share on Reddit\" class=\"synved-share-image synved-social-image synved-social-image-share\" width=\"24\" height=\"24\" style=\"display: inline; width:24px;height:24px; margin: 0; padding: 0; border: none; box-shadow: none;\" src=\"http:\/\/blog.araradelear.com.br\/wp-content\/plugins\/social-media-feather\/synved-social\/image\/social\/regular\/48x48\/reddit.png\" \/><\/a><a class=\"synved-social-button synved-social-button-share synved-social-size-24 synved-social-resolution-single synved-social-provider-pinterest nolightbox\" data-provider=\"pinterest\" target=\"_blank\" rel=\"nofollow\" title=\"Pin it with Pinterest\" href=\"https:\/\/pinterest.com\/pin\/create\/button\/?url=http%3A%2F%2Fblog.araradelear.com.br%2Findex.php%2Fwp-json%2Fwp%2Fv2%2Fposts%2F125&#038;media=http%3A%2F%2Fblog.araradelear.com.br%2Fwp-content%2Fuploads%2F2020%2F03%2F18-03-20-2-1-1024x1024.jpg&#038;description=Em%20nosso%20per%C3%ADodo%20de%20quarentena%20procure%20nossa%20loja%20virtual.\" style=\"font-size: 0px; width:24px;height:24px;margin:0;margin-bottom:5px;margin-right:5px;\"><img loading=\"lazy\" decoding=\"async\" alt=\"pinterest\" title=\"Pin it with Pinterest\" class=\"synved-share-image synved-social-image synved-social-image-share\" width=\"24\" height=\"24\" style=\"display: inline; width:24px;height:24px; margin: 0; padding: 0; border: none; box-shadow: none;\" src=\"http:\/\/blog.araradelear.com.br\/wp-content\/plugins\/social-media-feather\/synved-social\/image\/social\/regular\/48x48\/pinterest.png\" \/><\/a><a class=\"synved-social-button synved-social-button-share synved-social-size-24 synved-social-resolution-single synved-social-provider-linkedin nolightbox\" data-provider=\"linkedin\" target=\"_blank\" rel=\"nofollow\" title=\"Share on Linkedin\" href=\"https:\/\/www.linkedin.com\/shareArticle?mini=true&#038;url=http%3A%2F%2Fblog.araradelear.com.br%2Findex.php%2Fwp-json%2Fwp%2Fv2%2Fposts%2F125&#038;title=Em%20nosso%20per%C3%ADodo%20de%20quarentena%20procure%20nossa%20loja%20virtual.\" style=\"font-size: 0px; width:24px;height:24px;margin:0;margin-bottom:5px;margin-right:5px;\"><img loading=\"lazy\" decoding=\"async\" alt=\"linkedin\" title=\"Share on Linkedin\" class=\"synved-share-image synved-social-image synved-social-image-share\" width=\"24\" height=\"24\" style=\"display: inline; width:24px;height:24px; margin: 0; padding: 0; border: none; box-shadow: none;\" src=\"http:\/\/blog.araradelear.com.br\/wp-content\/plugins\/social-media-feather\/synved-social\/image\/social\/regular\/48x48\/linkedin.png\" \/><\/a><a class=\"synved-social-button synved-social-button-share synved-social-size-24 synved-social-resolution-single synved-social-provider-mail nolightbox\" data-provider=\"mail\" rel=\"nofollow\" title=\"Share by email\" href=\"mailto:?subject=Em%20nosso%20per%C3%ADodo%20de%20quarentena%20procure%20nossa%20loja%20virtual.&#038;body=Compartilhe:%20http%3A%2F%2Fblog.araradelear.com.br%2Findex.php%2Fwp-json%2Fwp%2Fv2%2Fposts%2F125\" style=\"font-size: 0px; width:24px;height:24px;margin:0;margin-bottom:5px;\"><img loading=\"lazy\" decoding=\"async\" alt=\"mail\" title=\"Share by email\" class=\"synved-share-image synved-social-image synved-social-image-share\" width=\"24\" height=\"24\" style=\"display: inline; width:24px;height:24px; margin: 0; padding: 0; border: none; box-shadow: none;\" src=\"http:\/\/blog.araradelear.com.br\/wp-content\/plugins\/social-media-feather\/synved-social\/image\/social\/regular\/48x48\/mail.png\" \/><\/a><\/div>","protected":false},"excerpt":{"rendered":"<p>Queridos clientes, parceiros, artistas e amigos! Pensando na sa\u00fade de todos n\u00f3s, desde ontem, 17\/03, \u00e0s 14h, estamos com a loja f\u00edsica Jardins da Arara de Lear fechada.&nbsp; Esta decis\u00e3o foi tomada ap\u00f3s discutirmos as medidas normativas da OMS, do Minist\u00e9rio da Sa\u00fade e da Sociedade Brasileira de Infectologia.&nbsp; N\u00e3o temos ainda uma data definida para retornarmos, mas informaremos aqui, em nossas redes sociais e em nosso blog.&nbsp; Nossa loja virtual est\u00e1 ativa, com todos os produtos sendo entregues pelos&#8230;<\/p>\n<p class=\"read-more\"><a class=\"btn btn-default\" href=\"http:\/\/blog.araradelear.com.br\/index.php\/2020\/03\/19\/em-nosso-periodo-de-quarentena-procure-nossa-loja-virtual\/\"> Read More<span class=\"screen-reader-text\">  Read More<\/span><\/a><\/p>\n","protected":false},"author":3,"featured_media":0,"comment_status":"closed","ping_status":"closed","sticky":false,"template":"","format":"standard","meta":{"footnotes":""},"categories":[13],"tags":[],"class_list":["post-125","post","type-post","status-publish","format-standard","hentry","category-novidades"],"_links":{"self":[{"href":"http:\/\/blog.araradelear.com.br\/index.php\/wp-json\/wp\/v2\/posts\/125","targetHints":{"allow":["GET"]}}],"collection":[{"href":"http:\/\/blog.araradelear.com.br\/index.php\/wp-json\/wp\/v2\/posts"}],"about":[{"href":"http:\/\/blog.araradelear.com.br\/index.php\/wp-json\/wp\/v2\/types\/post"}],"author":[{"embeddable":true,"href":"http:\/\/blog.araradelear.com.br\/index.php\/wp-json\/wp\/v2\/users\/3"}],"replies":[{"embeddable":true,"href":"http:\/\/blog.araradelear.com.br\/index.php\/wp-json\/wp\/v2\/comments?post=125"}],"version-history":[{"count":2,"href":"http:\/\/blog.araradelear.com.br\/index.php\/wp-json\/wp\/v2\/posts\/125\/revisions"}],"predecessor-version":[{"id":130,"href":"http:\/\/blog.araradelear.com.br\/index.php\/wp-json\/wp\/v2\/posts\/125\/revisions\/130"}],"wp:attachment":[{"href":"http:\/\/blog.araradelear.com.br\/index.php\/wp-json\/wp\/v2\/media?parent=125"}],"wp:term":[{"taxonomy":"category","embeddable":true,"href":"http:\/\/blog.araradelear.com.br\/index.php\/wp-json\/wp\/v2\/categories?post=125"},{"taxonomy":"post_tag","embeddable":true,"href":"http:\/\/blog.araradelear.com.br\/index.php\/wp-json\/wp\/v2\/tags?post=125"}],"curies":[{"name":"wp","href":"https:\/\/api.w.org\/{rel}","templated":true}]}}