{"id":65,"date":"2020-02-01T16:14:13","date_gmt":"2020-02-01T16:14:13","guid":{"rendered":"http:\/\/blog.araradelear.com.br\/?p=65"},"modified":"2020-03-14T17:17:03","modified_gmt":"2020-03-14T17:17:03","slug":"turismo-de-observacao-de-aves-e-vivencia-comunitaria-uma-experiencia-completa-com-a-arara-azul-de-lear-em-canudos-euclides-da-cunha-e-regiao","status":"publish","type":"post","link":"http:\/\/blog.araradelear.com.br\/index.php\/2020\/02\/01\/turismo-de-observacao-de-aves-e-vivencia-comunitaria-uma-experiencia-completa-com-a-arara-azul-de-lear-em-canudos-euclides-da-cunha-e-regiao\/","title":{"rendered":"Turismo de Observa\u00e7\u00e3o de Aves e viv\u00eancia comunit\u00e1ria: uma experi\u00eancia completa com a Arara-azul-de-lear em Canudos, Euclides da Cunha e regi\u00e3o"},"content":{"rendered":"\n<p>O projeto Jardins da Arara de Lear oferece o turismo envolvendo a Arara-azul-de-lear em Canudos, Euclides da Cunha e regi\u00e3o: o Turismo de Observa\u00e7\u00e3o de Aves e Viv\u00eancia Comunit\u00e1ria \u2013 uma oportunidade \u00fanica para apreciadores da Arara-azul-de-lear, da cultural local, do meio ambiente e sustentabilidade.  <br>\nO Turismo de Observa\u00e7\u00e3o de Aves e viv\u00eancia comunit\u00e1ria acontece nas \u00e1reas de alimenta\u00e7\u00e3o da Arara-azul-de-lear no habitat dela, que \u00e9 a Caatiga, sendo que os turistas s\u00e3o acompanhados pelo artes\u00e3o e guia Lourinho Reis. Para quem ainda quer conhecer a cultura e os costumes locais, Lourinho Reis apresenta o trabalho dos artes\u00e3os das comunidades parceiras do Projeto, as pe\u00e7as de artesanato feitas por eles, e vivem uma experi\u00eancia gastron\u00f4mica podendo saborear a comida t\u00edpica preparada na panela de barro, no fog\u00e3o a lenha, al\u00e9m dos doces tradicionais e t\u00edpicos da regi\u00e3o como a geleia de Umb\u00fa, o doce de leite, entre outros quitutes. <br>\nPara saber mais sobre o Turismo de Observa\u00e7\u00e3o de Aves e viv\u00eancia comunit\u00e1ria, entre em contato com a gente. Al\u00e9m de ser uma experi\u00eancia apaixonante, \u00e9 uma oportunidade de entender como preservar o meio ambiente por meio de a\u00e7\u00f5es envolvendo toda a comunidade local. <\/p>\n\n\n\n<ul class=\"wp-block-gallery columns-2 is-cropped wp-block-gallery-1 is-layout-flex wp-block-gallery-is-layout-flex\"><li class=\"blocks-gallery-item\"><figure><img loading=\"lazy\" decoding=\"async\" width=\"1024\" height=\"1024\" src=\"http:\/\/blog.araradelear.com.br\/wp-content\/uploads\/2020\/02\/post-10-2-1024x1024.png\" alt=\"\" data-id=\"90\" data-link=\"http:\/\/blog.araradelear.com.br\/?attachment_id=90\" class=\"wp-image-90\" srcset=\"http:\/\/blog.araradelear.com.br\/wp-content\/uploads\/2020\/02\/post-10-2-1024x1024.png 1024w, http:\/\/blog.araradelear.com.br\/wp-content\/uploads\/2020\/02\/post-10-2-150x150.png 150w, http:\/\/blog.araradelear.com.br\/wp-content\/uploads\/2020\/02\/post-10-2-300x300.png 300w, http:\/\/blog.araradelear.com.br\/wp-content\/uploads\/2020\/02\/post-10-2-768x768.png 768w, http:\/\/blog.araradelear.com.br\/wp-content\/uploads\/2020\/02\/post-10-2-270x270.png 270w, http:\/\/blog.araradelear.com.br\/wp-content\/uploads\/2020\/02\/post-10-2.png 1200w\" sizes=\"auto, (max-width: 1024px) 100vw, 1024px\" \/><\/figure><\/li><li class=\"blocks-gallery-item\"><figure><img loading=\"lazy\" decoding=\"async\" width=\"1024\" height=\"1024\" src=\"http:\/\/blog.araradelear.com.br\/wp-content\/uploads\/2020\/02\/post-11-2-1024x1024.png\" alt=\"\" data-id=\"91\" data-link=\"http:\/\/blog.araradelear.com.br\/?attachment_id=91\" class=\"wp-image-91\" srcset=\"http:\/\/blog.araradelear.com.br\/wp-content\/uploads\/2020\/02\/post-11-2-1024x1024.png 1024w, http:\/\/blog.araradelear.com.br\/wp-content\/uploads\/2020\/02\/post-11-2-150x150.png 150w, http:\/\/blog.araradelear.com.br\/wp-content\/uploads\/2020\/02\/post-11-2-300x300.png 300w, http:\/\/blog.araradelear.com.br\/wp-content\/uploads\/2020\/02\/post-11-2-768x768.png 768w, http:\/\/blog.araradelear.com.br\/wp-content\/uploads\/2020\/02\/post-11-2-270x270.png 270w, http:\/\/blog.araradelear.com.br\/wp-content\/uploads\/2020\/02\/post-11-2.png 1200w\" sizes=\"auto, (max-width: 1024px) 100vw, 1024px\" \/><\/figure><\/li><li class=\"blocks-gallery-item\"><figure><img loading=\"lazy\" decoding=\"async\" width=\"1024\" height=\"1024\" src=\"http:\/\/blog.araradelear.com.br\/wp-content\/uploads\/2020\/02\/post-12-2-1024x1024.png\" alt=\"\" data-id=\"92\" data-link=\"http:\/\/blog.araradelear.com.br\/?attachment_id=92\" class=\"wp-image-92\" srcset=\"http:\/\/blog.araradelear.com.br\/wp-content\/uploads\/2020\/02\/post-12-2-1024x1024.png 1024w, http:\/\/blog.araradelear.com.br\/wp-content\/uploads\/2020\/02\/post-12-2-150x150.png 150w, http:\/\/blog.araradelear.com.br\/wp-content\/uploads\/2020\/02\/post-12-2-300x300.png 300w, http:\/\/blog.araradelear.com.br\/wp-content\/uploads\/2020\/02\/post-12-2-768x768.png 768w, http:\/\/blog.araradelear.com.br\/wp-content\/uploads\/2020\/02\/post-12-2-270x270.png 270w, http:\/\/blog.araradelear.com.br\/wp-content\/uploads\/2020\/02\/post-12-2.png 1200w\" sizes=\"auto, (max-width: 1024px) 100vw, 1024px\" \/><\/figure><\/li><li class=\"blocks-gallery-item\"><figure><img loading=\"lazy\" decoding=\"async\" width=\"1024\" height=\"1024\" src=\"http:\/\/blog.araradelear.com.br\/wp-content\/uploads\/2020\/02\/post-13-2-1024x1024.png\" alt=\"\" data-id=\"93\" data-link=\"http:\/\/blog.araradelear.com.br\/?attachment_id=93\" class=\"wp-image-93\" srcset=\"http:\/\/blog.araradelear.com.br\/wp-content\/uploads\/2020\/02\/post-13-2-1024x1024.png 1024w, http:\/\/blog.araradelear.com.br\/wp-content\/uploads\/2020\/02\/post-13-2-150x150.png 150w, http:\/\/blog.araradelear.com.br\/wp-content\/uploads\/2020\/02\/post-13-2-300x300.png 300w, http:\/\/blog.araradelear.com.br\/wp-content\/uploads\/2020\/02\/post-13-2-768x768.png 768w, http:\/\/blog.araradelear.com.br\/wp-content\/uploads\/2020\/02\/post-13-2-270x270.png 270w, http:\/\/blog.araradelear.com.br\/wp-content\/uploads\/2020\/02\/post-13-2.png 1200w\" sizes=\"auto, (max-width: 1024px) 100vw, 1024px\" \/><\/figure><\/li><li class=\"blocks-gallery-item\"><figure><img loading=\"lazy\" decoding=\"async\" width=\"1024\" height=\"1024\" src=\"http:\/\/blog.araradelear.com.br\/wp-content\/uploads\/2020\/02\/post-14-2-1024x1024.png\" alt=\"\" data-id=\"94\" data-link=\"http:\/\/blog.araradelear.com.br\/?attachment_id=94\" class=\"wp-image-94\" srcset=\"http:\/\/blog.araradelear.com.br\/wp-content\/uploads\/2020\/02\/post-14-2-1024x1024.png 1024w, http:\/\/blog.araradelear.com.br\/wp-content\/uploads\/2020\/02\/post-14-2-150x150.png 150w, http:\/\/blog.araradelear.com.br\/wp-content\/uploads\/2020\/02\/post-14-2-300x300.png 300w, http:\/\/blog.araradelear.com.br\/wp-content\/uploads\/2020\/02\/post-14-2-768x768.png 768w, http:\/\/blog.araradelear.com.br\/wp-content\/uploads\/2020\/02\/post-14-2-270x270.png 270w, http:\/\/blog.araradelear.com.br\/wp-content\/uploads\/2020\/02\/post-14-2.png 1200w\" sizes=\"auto, (max-width: 1024px) 100vw, 1024px\" \/><\/figure><\/li><li class=\"blocks-gallery-item\"><figure><img loading=\"lazy\" decoding=\"async\" width=\"1024\" height=\"1024\" src=\"http:\/\/blog.araradelear.com.br\/wp-content\/uploads\/2020\/02\/post-15-2-1024x1024.png\" alt=\"\" data-id=\"95\" data-link=\"http:\/\/blog.araradelear.com.br\/?attachment_id=95\" class=\"wp-image-95\" srcset=\"http:\/\/blog.araradelear.com.br\/wp-content\/uploads\/2020\/02\/post-15-2-1024x1024.png 1024w, http:\/\/blog.araradelear.com.br\/wp-content\/uploads\/2020\/02\/post-15-2-150x150.png 150w, http:\/\/blog.araradelear.com.br\/wp-content\/uploads\/2020\/02\/post-15-2-300x300.png 300w, http:\/\/blog.araradelear.com.br\/wp-content\/uploads\/2020\/02\/post-15-2-768x768.png 768w, http:\/\/blog.araradelear.com.br\/wp-content\/uploads\/2020\/02\/post-15-2-270x270.png 270w, http:\/\/blog.araradelear.com.br\/wp-content\/uploads\/2020\/02\/post-15-2.png 1200w\" sizes=\"auto, (max-width: 1024px) 100vw, 1024px\" \/><\/figure><\/li><li class=\"blocks-gallery-item\"><figure><img loading=\"lazy\" decoding=\"async\" width=\"1024\" height=\"1024\" src=\"http:\/\/blog.araradelear.com.br\/wp-content\/uploads\/2020\/02\/post-16-2-1024x1024.png\" alt=\"\" data-id=\"96\" data-link=\"http:\/\/blog.araradelear.com.br\/?attachment_id=96\" class=\"wp-image-96\" srcset=\"http:\/\/blog.araradelear.com.br\/wp-content\/uploads\/2020\/02\/post-16-2-1024x1024.png 1024w, http:\/\/blog.araradelear.com.br\/wp-content\/uploads\/2020\/02\/post-16-2-150x150.png 150w, http:\/\/blog.araradelear.com.br\/wp-content\/uploads\/2020\/02\/post-16-2-300x300.png 300w, http:\/\/blog.araradelear.com.br\/wp-content\/uploads\/2020\/02\/post-16-2-768x768.png 768w, http:\/\/blog.araradelear.com.br\/wp-content\/uploads\/2020\/02\/post-16-2-270x270.png 270w, http:\/\/blog.araradelear.com.br\/wp-content\/uploads\/2020\/02\/post-16-2.png 1200w\" sizes=\"auto, (max-width: 1024px) 100vw, 1024px\" \/><\/figure><\/li><li class=\"blocks-gallery-item\"><figure><img loading=\"lazy\" decoding=\"async\" width=\"1024\" height=\"1024\" src=\"http:\/\/blog.araradelear.com.br\/wp-content\/uploads\/2020\/02\/post-17-2-1024x1024.png\" alt=\"\" data-id=\"97\" data-link=\"http:\/\/blog.araradelear.com.br\/?attachment_id=97\" class=\"wp-image-97\" srcset=\"http:\/\/blog.araradelear.com.br\/wp-content\/uploads\/2020\/02\/post-17-2-1024x1024.png 1024w, http:\/\/blog.araradelear.com.br\/wp-content\/uploads\/2020\/02\/post-17-2-150x150.png 150w, http:\/\/blog.araradelear.com.br\/wp-content\/uploads\/2020\/02\/post-17-2-300x300.png 300w, http:\/\/blog.araradelear.com.br\/wp-content\/uploads\/2020\/02\/post-17-2-768x768.png 768w, http:\/\/blog.araradelear.com.br\/wp-content\/uploads\/2020\/02\/post-17-2-270x270.png 270w, http:\/\/blog.araradelear.com.br\/wp-content\/uploads\/2020\/02\/post-17-2.png 1200w\" sizes=\"auto, (max-width: 1024px) 100vw, 1024px\" \/><\/figure><\/li><li class=\"blocks-gallery-item\"><figure><img loading=\"lazy\" decoding=\"async\" width=\"1024\" height=\"1024\" src=\"http:\/\/blog.araradelear.com.br\/wp-content\/uploads\/2020\/02\/post-18-2-1024x1024.png\" alt=\"\" data-id=\"98\" data-link=\"http:\/\/blog.araradelear.com.br\/?attachment_id=98\" class=\"wp-image-98\" srcset=\"http:\/\/blog.araradelear.com.br\/wp-content\/uploads\/2020\/02\/post-18-2-1024x1024.png 1024w, http:\/\/blog.araradelear.com.br\/wp-content\/uploads\/2020\/02\/post-18-2-150x150.png 150w, http:\/\/blog.araradelear.com.br\/wp-content\/uploads\/2020\/02\/post-18-2-300x300.png 300w, http:\/\/blog.araradelear.com.br\/wp-content\/uploads\/2020\/02\/post-18-2-768x768.png 768w, http:\/\/blog.araradelear.com.br\/wp-content\/uploads\/2020\/02\/post-18-2-270x270.png 270w, http:\/\/blog.araradelear.com.br\/wp-content\/uploads\/2020\/02\/post-18-2.png 1200w\" sizes=\"auto, (max-width: 1024px) 100vw, 1024px\" \/><\/figure><\/li><li class=\"blocks-gallery-item\"><figure><img loading=\"lazy\" decoding=\"async\" width=\"1024\" height=\"1017\" src=\"http:\/\/blog.araradelear.com.br\/wp-content\/uploads\/2020\/02\/post-19-2-1024x1017.png\" alt=\"\" data-id=\"99\" data-link=\"http:\/\/blog.araradelear.com.br\/?attachment_id=99\" class=\"wp-image-99\" srcset=\"http:\/\/blog.araradelear.com.br\/wp-content\/uploads\/2020\/02\/post-19-2-1024x1017.png 1024w, http:\/\/blog.araradelear.com.br\/wp-content\/uploads\/2020\/02\/post-19-2-150x150.png 150w, http:\/\/blog.araradelear.com.br\/wp-content\/uploads\/2020\/02\/post-19-2-300x298.png 300w, http:\/\/blog.araradelear.com.br\/wp-content\/uploads\/2020\/02\/post-19-2-768x763.png 768w, http:\/\/blog.araradelear.com.br\/wp-content\/uploads\/2020\/02\/post-19-2-272x270.png 272w, http:\/\/blog.araradelear.com.br\/wp-content\/uploads\/2020\/02\/post-19-2.png 1208w\" sizes=\"auto, (max-width: 1024px) 100vw, 1024px\" \/><\/figure><\/li><\/ul>\n\n\n\n<blockquote class=\"wp-block-quote is-layout-flow wp-block-quote-is-layout-flow\"><p>#araraazuldelear  #araradelear #araraazullear #araraazuldelearemcanudos #jardinsdaararadelear #conservacaodomeioambiente #meioambiente #meioambienteesustentabilidade #preservaromeioambiente #preservacao #preservacaodaespecie #preservacaodaararadelear #artesanato #artesanatocomofazer #artesaos #bahia #caatinga #canudos #sustentabilidade #artesanatosustentavel #educacaoambiental #culturasertaneja #artesertaneja #turismodeobservacao #turismodeobservacaodeaves #turismodevivencia<\/p><\/blockquote>\n<div class=\"synved-social-container synved-social-container-share\" style=\"text-align: left\"><a class=\"synved-social-button synved-social-button-share synved-social-size-24 synved-social-resolution-single synved-social-provider-facebook nolightbox\" data-provider=\"facebook\" target=\"_blank\" rel=\"nofollow\" title=\"Share on Facebook\" href=\"https:\/\/www.facebook.com\/sharer.php?u=http%3A%2F%2Fblog.araradelear.com.br%2Findex.php%2Fwp-json%2Fwp%2Fv2%2Fposts%2F65&#038;t=Turismo%20de%20Observa%C3%A7%C3%A3o%20de%20Aves%20e%20viv%C3%AAncia%20comunit%C3%A1ria%3A%20uma%20experi%C3%AAncia%20completa%20com%20a%20Arara-azul-de-lear%20em%20Canudos%2C%20Euclides%20da%20Cunha%20e%20regi%C3%A3o&#038;s=100&#038;p&#091;url&#093;=http%3A%2F%2Fblog.araradelear.com.br%2Findex.php%2Fwp-json%2Fwp%2Fv2%2Fposts%2F65&#038;p&#091;images&#093;&#091;0&#093;=http%3A%2F%2Fblog.araradelear.com.br%2Fwp-content%2Fuploads%2F2020%2F02%2Fpost-19-2-1024x1017.png&#038;p&#091;title&#093;=Turismo%20de%20Observa%C3%A7%C3%A3o%20de%20Aves%20e%20viv%C3%AAncia%20comunit%C3%A1ria%3A%20uma%20experi%C3%AAncia%20completa%20com%20a%20Arara-azul-de-lear%20em%20Canudos%2C%20Euclides%20da%20Cunha%20e%20regi%C3%A3o\" style=\"font-size: 0px; width:24px;height:24px;margin:0;margin-bottom:5px;margin-right:5px;\"><img loading=\"lazy\" decoding=\"async\" alt=\"Facebook\" title=\"Share on Facebook\" class=\"synved-share-image synved-social-image synved-social-image-share\" width=\"24\" height=\"24\" style=\"display: inline; width:24px;height:24px; margin: 0; padding: 0; border: none; box-shadow: none;\" src=\"http:\/\/blog.araradelear.com.br\/wp-content\/plugins\/social-media-feather\/synved-social\/image\/social\/regular\/48x48\/facebook.png\" \/><\/a><a class=\"synved-social-button synved-social-button-share synved-social-size-24 synved-social-resolution-single synved-social-provider-twitter nolightbox\" data-provider=\"twitter\" target=\"_blank\" rel=\"nofollow\" title=\"Share on Twitter\" href=\"https:\/\/twitter.com\/intent\/tweet?url=http%3A%2F%2Fblog.araradelear.com.br%2Findex.php%2Fwp-json%2Fwp%2Fv2%2Fposts%2F65&#038;text=Compartilhe\" style=\"font-size: 0px; width:24px;height:24px;margin:0;margin-bottom:5px;margin-right:5px;\"><img loading=\"lazy\" decoding=\"async\" alt=\"twitter\" title=\"Share on Twitter\" class=\"synved-share-image synved-social-image synved-social-image-share\" width=\"24\" height=\"24\" style=\"display: inline; width:24px;height:24px; margin: 0; padding: 0; border: none; box-shadow: none;\" src=\"http:\/\/blog.araradelear.com.br\/wp-content\/plugins\/social-media-feather\/synved-social\/image\/social\/regular\/48x48\/twitter.png\" \/><\/a><a class=\"synved-social-button synved-social-button-share synved-social-size-24 synved-social-resolution-single synved-social-provider-reddit nolightbox\" data-provider=\"reddit\" target=\"_blank\" rel=\"nofollow\" title=\"Share on Reddit\" href=\"https:\/\/www.reddit.com\/submit?url=http%3A%2F%2Fblog.araradelear.com.br%2Findex.php%2Fwp-json%2Fwp%2Fv2%2Fposts%2F65&#038;title=Turismo%20de%20Observa%C3%A7%C3%A3o%20de%20Aves%20e%20viv%C3%AAncia%20comunit%C3%A1ria%3A%20uma%20experi%C3%AAncia%20completa%20com%20a%20Arara-azul-de-lear%20em%20Canudos%2C%20Euclides%20da%20Cunha%20e%20regi%C3%A3o\" style=\"font-size: 0px; width:24px;height:24px;margin:0;margin-bottom:5px;margin-right:5px;\"><img loading=\"lazy\" decoding=\"async\" alt=\"reddit\" title=\"Share on Reddit\" class=\"synved-share-image synved-social-image synved-social-image-share\" width=\"24\" height=\"24\" style=\"display: inline; width:24px;height:24px; margin: 0; padding: 0; border: none; box-shadow: none;\" src=\"http:\/\/blog.araradelear.com.br\/wp-content\/plugins\/social-media-feather\/synved-social\/image\/social\/regular\/48x48\/reddit.png\" \/><\/a><a class=\"synved-social-button synved-social-button-share synved-social-size-24 synved-social-resolution-single synved-social-provider-pinterest nolightbox\" data-provider=\"pinterest\" target=\"_blank\" rel=\"nofollow\" title=\"Pin it with Pinterest\" href=\"https:\/\/pinterest.com\/pin\/create\/button\/?url=http%3A%2F%2Fblog.araradelear.com.br%2Findex.php%2Fwp-json%2Fwp%2Fv2%2Fposts%2F65&#038;media=http%3A%2F%2Fblog.araradelear.com.br%2Fwp-content%2Fuploads%2F2020%2F02%2Fpost-19-2-1024x1017.png&#038;description=Turismo%20de%20Observa%C3%A7%C3%A3o%20de%20Aves%20e%20viv%C3%AAncia%20comunit%C3%A1ria%3A%20uma%20experi%C3%AAncia%20completa%20com%20a%20Arara-azul-de-lear%20em%20Canudos%2C%20Euclides%20da%20Cunha%20e%20regi%C3%A3o\" style=\"font-size: 0px; width:24px;height:24px;margin:0;margin-bottom:5px;margin-right:5px;\"><img loading=\"lazy\" decoding=\"async\" alt=\"pinterest\" title=\"Pin it with Pinterest\" class=\"synved-share-image synved-social-image synved-social-image-share\" width=\"24\" height=\"24\" style=\"display: inline; width:24px;height:24px; margin: 0; padding: 0; border: none; box-shadow: none;\" src=\"http:\/\/blog.araradelear.com.br\/wp-content\/plugins\/social-media-feather\/synved-social\/image\/social\/regular\/48x48\/pinterest.png\" \/><\/a><a class=\"synved-social-button synved-social-button-share synved-social-size-24 synved-social-resolution-single synved-social-provider-linkedin nolightbox\" data-provider=\"linkedin\" target=\"_blank\" rel=\"nofollow\" title=\"Share on Linkedin\" href=\"https:\/\/www.linkedin.com\/shareArticle?mini=true&#038;url=http%3A%2F%2Fblog.araradelear.com.br%2Findex.php%2Fwp-json%2Fwp%2Fv2%2Fposts%2F65&#038;title=Turismo%20de%20Observa%C3%A7%C3%A3o%20de%20Aves%20e%20viv%C3%AAncia%20comunit%C3%A1ria%3A%20uma%20experi%C3%AAncia%20completa%20com%20a%20Arara-azul-de-lear%20em%20Canudos%2C%20Euclides%20da%20Cunha%20e%20regi%C3%A3o\" style=\"font-size: 0px; width:24px;height:24px;margin:0;margin-bottom:5px;margin-right:5px;\"><img loading=\"lazy\" decoding=\"async\" alt=\"linkedin\" title=\"Share on Linkedin\" class=\"synved-share-image synved-social-image synved-social-image-share\" width=\"24\" height=\"24\" style=\"display: inline; width:24px;height:24px; margin: 0; padding: 0; border: none; box-shadow: none;\" src=\"http:\/\/blog.araradelear.com.br\/wp-content\/plugins\/social-media-feather\/synved-social\/image\/social\/regular\/48x48\/linkedin.png\" \/><\/a><a class=\"synved-social-button synved-social-button-share synved-social-size-24 synved-social-resolution-single synved-social-provider-mail nolightbox\" data-provider=\"mail\" rel=\"nofollow\" title=\"Share by email\" href=\"mailto:?subject=Turismo%20de%20Observa%C3%A7%C3%A3o%20de%20Aves%20e%20viv%C3%AAncia%20comunit%C3%A1ria%3A%20uma%20experi%C3%AAncia%20completa%20com%20a%20Arara-azul-de-lear%20em%20Canudos%2C%20Euclides%20da%20Cunha%20e%20regi%C3%A3o&#038;body=Compartilhe:%20http%3A%2F%2Fblog.araradelear.com.br%2Findex.php%2Fwp-json%2Fwp%2Fv2%2Fposts%2F65\" style=\"font-size: 0px; width:24px;height:24px;margin:0;margin-bottom:5px;\"><img loading=\"lazy\" decoding=\"async\" alt=\"mail\" title=\"Share by email\" class=\"synved-share-image synved-social-image synved-social-image-share\" width=\"24\" height=\"24\" style=\"display: inline; width:24px;height:24px; margin: 0; padding: 0; border: none; box-shadow: none;\" src=\"http:\/\/blog.araradelear.com.br\/wp-content\/plugins\/social-media-feather\/synved-social\/image\/social\/regular\/48x48\/mail.png\" \/><\/a><\/div>","protected":false},"excerpt":{"rendered":"<p>O projeto Jardins da Arara de Lear oferece o turismo envolvendo a Arara-azul-de-lear em Canudos, Euclides da Cunha e regi\u00e3o: o Turismo de Observa\u00e7\u00e3o de Aves e Viv\u00eancia Comunit\u00e1ria \u2013 uma oportunidade \u00fanica para apreciadores da Arara-azul-de-lear, da cultural local, do meio ambiente e sustentabilidade. O Turismo de Observa\u00e7\u00e3o de Aves e viv\u00eancia comunit\u00e1ria acontece nas \u00e1reas de alimenta\u00e7\u00e3o da Arara-azul-de-lear no habitat dela, que \u00e9 a Caatiga, sendo que os turistas s\u00e3o acompanhados pelo artes\u00e3o e guia Lourinho Reis&#8230;.<\/p>\n<p class=\"read-more\"><a class=\"btn btn-default\" href=\"http:\/\/blog.araradelear.com.br\/index.php\/2020\/02\/01\/turismo-de-observacao-de-aves-e-vivencia-comunitaria-uma-experiencia-completa-com-a-arara-azul-de-lear-em-canudos-euclides-da-cunha-e-regiao\/\"> Read More<span class=\"screen-reader-text\">  Read More<\/span><\/a><\/p>\n","protected":false},"author":3,"featured_media":0,"comment_status":"closed","ping_status":"closed","sticky":false,"template":"","format":"standard","meta":{"footnotes":""},"categories":[13],"tags":[],"class_list":["post-65","post","type-post","status-publish","format-standard","hentry","category-novidades"],"_links":{"self":[{"href":"http:\/\/blog.araradelear.com.br\/index.php\/wp-json\/wp\/v2\/posts\/65","targetHints":{"allow":["GET"]}}],"collection":[{"href":"http:\/\/blog.araradelear.com.br\/index.php\/wp-json\/wp\/v2\/posts"}],"about":[{"href":"http:\/\/blog.araradelear.com.br\/index.php\/wp-json\/wp\/v2\/types\/post"}],"author":[{"embeddable":true,"href":"http:\/\/blog.araradelear.com.br\/index.php\/wp-json\/wp\/v2\/users\/3"}],"replies":[{"embeddable":true,"href":"http:\/\/blog.araradelear.com.br\/index.php\/wp-json\/wp\/v2\/comments?post=65"}],"version-history":[{"count":4,"href":"http:\/\/blog.araradelear.com.br\/index.php\/wp-json\/wp\/v2\/posts\/65\/revisions"}],"predecessor-version":[{"id":101,"href":"http:\/\/blog.araradelear.com.br\/index.php\/wp-json\/wp\/v2\/posts\/65\/revisions\/101"}],"wp:attachment":[{"href":"http:\/\/blog.araradelear.com.br\/index.php\/wp-json\/wp\/v2\/media?parent=65"}],"wp:term":[{"taxonomy":"category","embeddable":true,"href":"http:\/\/blog.araradelear.com.br\/index.php\/wp-json\/wp\/v2\/categories?post=65"},{"taxonomy":"post_tag","embeddable":true,"href":"http:\/\/blog.araradelear.com.br\/index.php\/wp-json\/wp\/v2\/tags?post=65"}],"curies":[{"name":"wp","href":"https:\/\/api.w.org\/{rel}","templated":true}]}}